{"id":15,"date":"2023-07-19T15:58:26","date_gmt":"2023-07-19T20:58:26","guid":{"rendered":"https:\/\/europa.ojoalsancocho.org\/?p=15"},"modified":"2023-07-19T16:07:22","modified_gmt":"2023-07-19T21:07:22","slug":"camilo-torres-the-effective-love-in-munich-germany-20-07-2023-1730","status":"publish","type":"post","link":"https:\/\/europa.ojoalsancocho.org\/index.php\/2023\/07\/19\/camilo-torres-the-effective-love-in-munich-germany-20-07-2023-1730\/","title":{"rendered":"&#8220;Camilo Torres, the Effective Love&#8221; in Munich, Germany, 20.07.2023 \/ 17:30"},"content":{"rendered":"\n<p class=\"wp-block-paragraph\"><\/p>\n\n\n\n<p class=\"wp-block-paragraph\">Camilo Torres Restrepo, el amor eficaz\u201d (Dokumentarfilm, OmeU)<\/p>\n\n\n\n<p class=\"wp-block-paragraph\">20.07.2023 17:30<\/p>\n\n\n\n<p class=\"wp-block-paragraph\">Camilo Torres Restrepo, el amor eficaz\u201d (Dokumentarfilm, OmeU)<\/p>\n\n\n\n<p class=\"wp-block-paragraph\">20.07.2023 17:30<\/p>\n\n\n\n<p class=\"wp-block-paragraph\">Ein Film von Marta Rodr\u00edguez und Fernando Restrepo, 71 Minuten (Spanisch mit <a><\/a>englischen Untertiteln)<\/p>\n\n\n\n<p class=\"wp-block-paragraph\">\u201cDer Dokumentarfilm Camilo Torres Restrepo, el amor eficaz geht von einer Pr\u00e4misse aus: der Notwendigkeit, \u00fcber die Grenzen der Gewalt als Instrument des politischen Wandels zu sprechen. Eine Frau, die sich selbst hinterfragt: die Filmemacherin mit der l\u00e4ngsten Wirkensgeschichte des Landes. Ein Mann, der nachdenkt: die emblematische Figur des Priesters und Soziologen Camilo Torres Restrepo. Bedeutendes Archivmaterial. Aus diesen vier Elementen ist der j\u00fcngste Film von Marta Rodr\u00edguez wie ein Dialog aufgebaut. Ein Zwiegespr\u00e4ch, das nie stattgefunden hat, aber deswegen nicht weniger relevant ist: Wer war Camilo? Der Priester? Der Befreiungstheologe? Der Soziologe? Der Guerillak\u00e4mpfer? Vielleicht hat uns Camilo Torres mehr Fragen als Antworten hinterlassen. Jedenfalls bietet die Besch\u00e4ftigung mit seiner Person und seinen Motiven unsch\u00e4tzbare M\u00f6glichkeiten, uns selbst zu verstehen. Denn es ist schwer vorstellbar, den viel zitierten Frieden zu finden, solange wir die tiefen Wurzeln von sieben Jahrzehnten bewaffneten Konflikts nicht verstehen.\u201d (Ficci Festival)<\/p>\n\n\n\n<p class=\"wp-block-paragraph\">Im Anschluss haben wir die einmalige Gelegenheit, ein Filmgespr\u00e4ch mit der Regisseurin und Protagonistin, der international renommierten Ikone des kolumbianischen Dokumentarfilms, der 89-j\u00e4hrigen Marta Rodr\u00edguez (zugeschaltet aus Kolumbien) zu f\u00fchren. Dabei begleitet uns der Direktor des Filmfestivals Ojo al Sancocho, Daniel Bejarano.<\/p>\n\n\n\n<p class=\"wp-block-paragraph\">Der Eintritt ist frei, wir bitten um eine Spende f\u00fcr die Menschenrechtsarbeit des \u00d6kub\u00fcros zu Kolumbien.<\/p>\n\n\n\n<p class=\"wp-block-paragraph\">Eine Veranstaltung des \u00d6kumenischen B\u00fcro f\u00fcr Frieden und Gerechtigkeit e.V. im Rahmen des Projekts Perspectivas Diversas<\/p>\n\n\n\n<p class=\"wp-block-paragraph\">Unterst\u00fctzt von: Aluna Minga e.V., Werkstattkino, Vokaribe Radio Comunitaria und Filmfestival Ojo al Sancocho<\/p>\n\n\n\n<p class=\"wp-block-paragraph\"><\/p>\n\n\n\n<p class=\"wp-block-paragraph\"><\/p>\n\n\n\n<p class=\"wp-block-paragraph\"><\/p>\n\n\n<div class=\"wp-block-image\">\n<figure class=\"aligncenter size-full is-resized\"><img loading=\"lazy\" decoding=\"async\" src=\"https:\/\/europa.ojoalsancocho.org\/wp-content\/uploads\/2023\/07\/WhatsApp-Image-2023-07-12-at-22.21.20.jpeg\" alt=\"\" class=\"wp-image-16\" width=\"538\" height=\"769\" srcset=\"https:\/\/europa.ojoalsancocho.org\/wp-content\/uploads\/2023\/07\/WhatsApp-Image-2023-07-12-at-22.21.20.jpeg 716w, https:\/\/europa.ojoalsancocho.org\/wp-content\/uploads\/2023\/07\/WhatsApp-Image-2023-07-12-at-22.21.20-210x300.jpeg 210w\" sizes=\"auto, (max-width: 538px) 100vw, 538px\" \/><\/figure>\n<\/div>\n\n\n<p class=\"wp-block-paragraph\"><\/p>\n\n\n\n<p class=\"wp-block-paragraph\"><\/p>\n","protected":false},"excerpt":{"rendered":"<p>Camilo Torres Restrepo, el amor eficaz\u201d (Dokumentarfilm, OmeU) 20.07.2023 17:30 Camilo Torres Restrepo, el amor eficaz\u201d (Dokumentarfilm, OmeU) 20.07.2023 17:30 Ein Film von Marta Rodr\u00edguez und Fernando Restrepo, 71 Minuten (Spanisch mit englischen Untertiteln) \u201cDer Dokumentarfilm Camilo Torres Restrepo, el amor eficaz geht von einer Pr\u00e4misse aus: der Notwendigkeit, \u00fcber die Grenzen der Gewalt als&hellip;<\/p>\n","protected":false},"author":1,"featured_media":21,"comment_status":"open","ping_status":"open","sticky":true,"template":"","format":"standard","meta":{"footnotes":""},"categories":[1],"tags":[],"class_list":["post-15","post","type-post","status-publish","format-standard","has-post-thumbnail","hentry","category-sin-categoria"],"_links":{"self":[{"href":"https:\/\/europa.ojoalsancocho.org\/index.php\/wp-json\/wp\/v2\/posts\/15","targetHints":{"allow":["GET"]}}],"collection":[{"href":"https:\/\/europa.ojoalsancocho.org\/index.php\/wp-json\/wp\/v2\/posts"}],"about":[{"href":"https:\/\/europa.ojoalsancocho.org\/index.php\/wp-json\/wp\/v2\/types\/post"}],"author":[{"embeddable":true,"href":"https:\/\/europa.ojoalsancocho.org\/index.php\/wp-json\/wp\/v2\/users\/1"}],"replies":[{"embeddable":true,"href":"https:\/\/europa.ojoalsancocho.org\/index.php\/wp-json\/wp\/v2\/comments?post=15"}],"version-history":[{"count":3,"href":"https:\/\/europa.ojoalsancocho.org\/index.php\/wp-json\/wp\/v2\/posts\/15\/revisions"}],"predecessor-version":[{"id":22,"href":"https:\/\/europa.ojoalsancocho.org\/index.php\/wp-json\/wp\/v2\/posts\/15\/revisions\/22"}],"wp:featuredmedia":[{"embeddable":true,"href":"https:\/\/europa.ojoalsancocho.org\/index.php\/wp-json\/wp\/v2\/media\/21"}],"wp:attachment":[{"href":"https:\/\/europa.ojoalsancocho.org\/index.php\/wp-json\/wp\/v2\/media?parent=15"}],"wp:term":[{"taxonomy":"category","embeddable":true,"href":"https:\/\/europa.ojoalsancocho.org\/index.php\/wp-json\/wp\/v2\/categories?post=15"},{"taxonomy":"post_tag","embeddable":true,"href":"https:\/\/europa.ojoalsancocho.org\/index.php\/wp-json\/wp\/v2\/tags?post=15"}],"curies":[{"name":"wp","href":"https:\/\/api.w.org\/{rel}","templated":true}]}}